{"id":2051,"date":"2026-09-03T16:00:19","date_gmt":"2026-09-03T16:00:19","guid":{"rendered":"https:\/\/invest.szczecin.eu\/?p=2051"},"modified":"2026-09-04T07:09:38","modified_gmt":"2026-09-04T07:09:38","slug":"invest-in-szczecin-open-2026-sport-emocje-i-rozmowy-o-biznesie","status":"publish","type":"post","link":"https:\/\/invest.szczecin.eu\/en\/invest-in-szczecin-open-2026-sport-emocje-i-rozmowy-o-biznesie\/","title":{"rendered":"Invest in Szczecin Open 2026. Sport, emocje i rozmowy o biznesie"},"content":{"rendered":"<p><strong>We wrze\u015bniu Szczecin ponownie stanie si\u0119 jednym z najwa\u017cniejszych punkt\u00f3w na tenisowej mapie Polski. 14\u201320 wrze\u015bnia na kortach przy al. Wojska Polskiego 127 odb\u0119dzie si\u0119 33. edycja Invest in Szczecin Open \u2013 najstarszego i najwi\u0119kszego profesjonalnego turnieju tenisowego m\u0119\u017cczyzn w Polsce.<\/strong><\/p>\n<p>Tegoroczna edycja jest szczeg\u00f3lna \u2013 mija 30 lat od momentu, gdy szczeci\u0144ski turniej do\u0142\u0105czy\u0142 do cyklu ATP Challenger. Dzi\u015b Invest in Szczecin Open jest turniejem rangi Challenger 125, z pul\u0105 nagr\u00f3d wynosz\u0105c\u0105 200 tys. dolar\u00f3w. W turnieju g\u0142\u00f3wnym singla wyst\u0105pi 32 zawodnik\u00f3w, a w deblu rywalizowa\u0107 b\u0119dzie 16 par.<\/p>\n<p><strong>Gwiazdy na szczeci\u0144skiej m\u0105czce<\/strong><\/p>\n<p>Szczeci\u0144ski turniej od lat przyci\u0105ga zawodnik\u00f3w, kt\u00f3rzy p\u00f3\u017aniej odnosz\u0105 sukcesy na najwi\u0119kszych \u015bwiatowych kortach. W historii Invest in Szczecin Open wyst\u0119powali m.in. Stan Wawrinka, David Ferrer, Ga\u00ebl Monfils, Richard Gasquet, Casper Ruud i Holger Rune, a tak\u017ce inni tenisi\u015bci nale\u017c\u0105cy do \u015bwiatowej czo\u0142\u00f3wki. Ubieg\u0142orocznym zwyci\u0119zc\u0105 zosta\u0142 Argenty\u0144czyk Thiago Tirante.<\/p>\n<p>Tegoroczna edycja ponownie b\u0119dzie okazj\u0105 do zobaczenia zawodowego tenisa na najwy\u017cszym poziomie. Na kortach zagraj\u0105 <a href=\"http:\/\/m.in\" target=\"_blank\" rel=\"noopener noreferrer nofollow\">m.in<\/a>. Jan Choinski, Facundo D\u00edaz Acosta, Marco Trungelliti, Alan Wa\u017cny, Kacper Knitter.<\/p>\n<p>Szczeg\u00f3ln\u0105 atmosfer\u0119 zapewni\u0105 mecze dnia rozgrywane przy sztucznym \u015bwietle \u2013 od 14 do 19 wrze\u015bnia o godz. 19:00 na korcie centralnym.<\/p>\n<h3><strong>Nie tylko tenis<\/strong><\/h3>\n<p>Invest in Szczecin Open od lat wykracza poza sportow\u0105 rywalizacj\u0119. Wok\u00f3\u0142 turnieju powstaje przestrze\u0144, w kt\u00f3rej spotykaj\u0105 si\u0119 sport, kultura, biznes i rozrywka.<\/p>\n<p>W programie tegorocznej edycji znalaz\u0142y si\u0119 m.in. Festiwal Kultury LINI (kino, komedia, muzyka), odbywaj\u0105cy si\u0119 od 14 do 19 wrze\u015bnia po zako\u0144czeniu meczu dnia, TFI KIDS DAY (tenisowe turnieje i animacje dla dzieci i m\u0142odzie\u017cy), a tak\u017ce SEC OPEN \u2013 Tenisowy Turniej Artyst\u00f3w oraz iX Asset Management VIP CUP \u2013 Tenisowy Turniej VIP Lucky Doubles.<\/p>\n<p>To w\u0142a\u015bnie wydarzenia towarzysz\u0105ce sprawiaj\u0105, \u017ce korty przy al. Wojska Polskiego \u017cyj\u0105 r\u00f3wnie\u017c po zako\u0144czeniu sportowej cz\u0119\u015bci dnia. Szczeci\u0144ski turniej ju\u017c trzykrotnie otrzyma\u0142 Challenger Award \u2013 presti\u017cowe wyr\u00f3\u017cnienie ATP i ITF dla najlepszego m\u0119skiego challengera na \u015bwiecie.<\/p>\n<h3><strong>ARMS zaprasza do rozmowy o biznesie<\/strong><\/h3>\n<p><strong>Agencja Rozwoju Metropolii Szczeci\u0144skiej jest partnerem Invest in Szczecin Open 2026.<\/strong> Udzia\u0142 ARMS w wydarzeniu to nie tylko wsparcie sportowej imprezy, ale tak\u017ce okazja do pokazania Szczecina jako miasta atrakcyjnego dla biznesu, inwestor\u00f3w i przedsi\u0119biorc\u00f3w. Dlatego podczas turnieju zapraszamy do strefy ARMS i Invest in Szczecin. B\u0119dzie to miejsce spotka\u0144 i rozm\u00f3w o biznesie, inwestowaniu oraz mo\u017cliwo\u015bciach rozwoju w Szczecinie i jego metropolii. W trakcie wydarzenia, spotka\u0107 b\u0119dzie mo\u017cna r\u00f3wnie\u017c laureat\u00f3w certyfikatu \u201eZrobione w Szczecinie\u201d:<\/p>\n<p>16.09<\/p>\n<ul>\n<li>Zachodniopomorska Szko\u0142a Biznesu<\/li>\n<\/ul>\n<p>17.09<\/p>\n<ul>\n<li>Betty Szczeci\u0144ska<\/li>\n<li>Dudowie \u2013 Przewodnicy Szczeci\u0144scy<\/li>\n<\/ul>\n<p>18.09<\/p>\n<ul>\n<li>Peterseny gry<\/li>\n<li>Ma\u0142y Kogut<\/li>\n<\/ul>\n<p>19.09<\/p>\n<ul>\n<li>Kobietowo<\/li>\n<li>Malart<\/li>\n<\/ul>\n<p>20.09<\/p>\n<ul>\n<li>KIMO<\/li>\n<li>Pod Gwiazdami<\/li>\n<\/ul>\n<p>Wi\u0119cej informacji &#8211;<a href=\"https:\/\/szczecinopen.pl\/\" target=\"_blank\" rel=\"noopener noreferrer nofollow\"> szczecinopen.pl<\/a><\/p>\n\n\t\t<style>\n\t\t\t#gallery-1 {\n\t\t\t\tmargin: auto;\n\t\t\t}\n\t\t\t#gallery-1 .gallery-item {\n\t\t\t\tfloat: left;\n\t\t\t\tmargin-top: 10px;\n\t\t\t\ttext-align: center;\n\t\t\t\twidth: 33%;\n\t\t\t}\n\t\t\t#gallery-1 img {\n\t\t\t\tborder: 2px solid #cfcfcf;\n\t\t\t}\n\t\t\t#gallery-1 .gallery-caption {\n\t\t\t\tmargin-left: 0;\n\t\t\t}\n\t\t\t\/* see gallery_shortcode() in wp-includes\/media.php *\/\n\t\t<\/style>\n\t\t<div id='gallery-1' class='gallery galleryid-2051 gallery-columns-3 gallery-size-thumbnail'><dl class='gallery-item'>\n\t\t\t<dt class='gallery-icon landscape'>\n\t\t\t\t<a href=\"https:\/\/invest.szczecin.eu\/wp-content\/uploads\/2026\/09\/INVEST_IN_SZCZECIN_OPEN_KONFERENCJA-1-scaled.webp\"><img decoding=\"async\" width=\"150\" height=\"150\" src=\"https:\/\/invest.szczecin.eu\/wp-content\/uploads\/2026\/09\/INVEST_IN_SZCZECIN_OPEN_KONFERENCJA-1-150x150.webp\" class=\"attachment-thumbnail size-thumbnail\" alt=\"INVEST_IN_SZCZECIN_OPEN_KONFERENCJA (1)\" srcset=\"https:\/\/invest.szczecin.eu\/wp-content\/uploads\/2026\/09\/INVEST_IN_SZCZECIN_OPEN_KONFERENCJA-1-150x150.webp 150w, https:\/\/invest.szczecin.eu\/wp-content\/uploads\/2026\/09\/INVEST_IN_SZCZECIN_OPEN_KONFERENCJA-1-140x140.webp 140w\" sizes=\"(max-width: 150px) 100vw, 150px\" loading=\"eager\" \/><\/a>\n\t\t\t<\/dt><\/dl><dl class='gallery-item'>\n\t\t\t<dt class='gallery-icon landscape'>\n\t\t\t\t<a href=\"https:\/\/invest.szczecin.eu\/wp-content\/uploads\/2026\/09\/INVEST_IN_SZCZECIN_OPEN_KONFERENCJA-2-scaled.webp\"><img decoding=\"async\" width=\"150\" height=\"150\" src=\"https:\/\/invest.szczecin.eu\/wp-content\/uploads\/2026\/09\/INVEST_IN_SZCZECIN_OPEN_KONFERENCJA-2-150x150.webp\" class=\"attachment-thumbnail size-thumbnail\" alt=\"INVEST_IN_SZCZECIN_OPEN_KONFERENCJA (1)\" srcset=\"https:\/\/invest.szczecin.eu\/wp-content\/uploads\/2026\/09\/INVEST_IN_SZCZECIN_OPEN_KONFERENCJA-2-150x150.webp 150w, https:\/\/invest.szczecin.eu\/wp-content\/uploads\/2026\/09\/INVEST_IN_SZCZECIN_OPEN_KONFERENCJA-2-140x140.webp 140w\" sizes=\"(max-width: 150px) 100vw, 150px\" loading=\"eager\" \/><\/a>\n\t\t\t<\/dt><\/dl><dl class='gallery-item'>\n\t\t\t<dt class='gallery-icon landscape'>\n\t\t\t\t<a href=\"https:\/\/invest.szczecin.eu\/wp-content\/uploads\/2026\/09\/INVEST_IN_SZCZECIN_OPEN_KONFERENCJA-3-scaled.webp\"><img decoding=\"async\" width=\"150\" height=\"150\" src=\"https:\/\/invest.szczecin.eu\/wp-content\/uploads\/2026\/09\/INVEST_IN_SZCZECIN_OPEN_KONFERENCJA-3-150x150.webp\" class=\"attachment-thumbnail size-thumbnail\" alt=\"INVEST_IN_SZCZECIN_OPEN_KONFERENCJA (1)\" srcset=\"https:\/\/invest.szczecin.eu\/wp-content\/uploads\/2026\/09\/INVEST_IN_SZCZECIN_OPEN_KONFERENCJA-3-150x150.webp 150w, https:\/\/invest.szczecin.eu\/wp-content\/uploads\/2026\/09\/INVEST_IN_SZCZECIN_OPEN_KONFERENCJA-3-140x140.webp 140w\" sizes=\"(max-width: 150px) 100vw, 150px\" loading=\"eager\" \/><\/a>\n\t\t\t<\/dt><\/dl><br style=\"clear: both\" \/><dl class='gallery-item'>\n\t\t\t<dt class='gallery-icon landscape'>\n\t\t\t\t<a href=\"https:\/\/invest.szczecin.eu\/wp-content\/uploads\/2026\/09\/INVEST_IN_SZCZECIN_OPEN_KONFERENCJA-4-scaled.webp\"><img decoding=\"async\" width=\"150\" height=\"150\" src=\"https:\/\/invest.szczecin.eu\/wp-content\/uploads\/2026\/09\/INVEST_IN_SZCZECIN_OPEN_KONFERENCJA-4-150x150.webp\" class=\"attachment-thumbnail size-thumbnail\" alt=\"INVEST_IN_SZCZECIN_OPEN_KONFERENCJA\" srcset=\"https:\/\/invest.szczecin.eu\/wp-content\/uploads\/2026\/09\/INVEST_IN_SZCZECIN_OPEN_KONFERENCJA-4-150x150.webp 150w, https:\/\/invest.szczecin.eu\/wp-content\/uploads\/2026\/09\/INVEST_IN_SZCZECIN_OPEN_KONFERENCJA-4-140x140.webp 140w\" sizes=\"(max-width: 150px) 100vw, 150px\" loading=\"eager\" \/><\/a>\n\t\t\t<\/dt><\/dl><dl class='gallery-item'>\n\t\t\t<dt class='gallery-icon landscape'>\n\t\t\t\t<a href=\"https:\/\/invest.szczecin.eu\/wp-content\/uploads\/2026\/09\/INVEST_IN_SZCZECIN_OPEN_KONFERENCJA-5-scaled.webp\"><img decoding=\"async\" width=\"150\" height=\"150\" src=\"https:\/\/invest.szczecin.eu\/wp-content\/uploads\/2026\/09\/INVEST_IN_SZCZECIN_OPEN_KONFERENCJA-5-150x150.webp\" class=\"attachment-thumbnail size-thumbnail\" alt=\"INVEST_IN_SZCZECIN_OPEN_KONFERENCJA\" srcset=\"https:\/\/invest.szczecin.eu\/wp-content\/uploads\/2026\/09\/INVEST_IN_SZCZECIN_OPEN_KONFERENCJA-5-150x150.webp 150w, https:\/\/invest.szczecin.eu\/wp-content\/uploads\/2026\/09\/INVEST_IN_SZCZECIN_OPEN_KONFERENCJA-5-140x140.webp 140w\" sizes=\"(max-width: 150px) 100vw, 150px\" loading=\"eager\" \/><\/a>\n\t\t\t<\/dt><\/dl><dl class='gallery-item'>\n\t\t\t<dt class='gallery-icon landscape'>\n\t\t\t\t<a href=\"https:\/\/invest.szczecin.eu\/wp-content\/uploads\/2026\/09\/INVEST_IN_SZCZECIN_OPEN_KONFERENCJA-6-scaled.webp\"><img decoding=\"async\" width=\"150\" height=\"150\" src=\"https:\/\/invest.szczecin.eu\/wp-content\/uploads\/2026\/09\/INVEST_IN_SZCZECIN_OPEN_KONFERENCJA-6-150x150.webp\" class=\"attachment-thumbnail size-thumbnail\" alt=\"INVEST_IN_SZCZECIN_OPEN_KONFERENCJA\" srcset=\"https:\/\/invest.szczecin.eu\/wp-content\/uploads\/2026\/09\/INVEST_IN_SZCZECIN_OPEN_KONFERENCJA-6-150x150.webp 150w, https:\/\/invest.szczecin.eu\/wp-content\/uploads\/2026\/09\/INVEST_IN_SZCZECIN_OPEN_KONFERENCJA-6-140x140.webp 140w\" sizes=\"(max-width: 150px) 100vw, 150px\" loading=\"eager\" \/><\/a>\n\t\t\t<\/dt><\/dl><br style=\"clear: both\" \/>\n\t\t<\/div>\n\n","protected":false},"excerpt":{"rendered":"<p>We wrze\u015bniu Szczecin ponownie stanie si\u0119 jednym z najwa\u017cniejszych punkt\u00f3w na tenisowej mapie Polski. 14\u201320 wrze\u015bnia na kortach przy al. Wojska Polskiego 127 odb\u0119dzie si\u0119 33. edycja Invest in Szczecin Open \u2013 najstarszego i najwi\u0119kszego profesjonalnego turnieju tenisowego m\u0119\u017cczyzn w Polsce. Tegoroczna edycja jest szczeg\u00f3lna \u2013 mija 30 lat od momentu, gdy szczeci\u0144ski turniej do\u0142\u0105czy\u0142<a class=\"excerpt-read-more\" href=\"https:\/\/invest.szczecin.eu\/en\/invest-in-szczecin-open-2026-sport-emocje-i-rozmowy-o-biznesie\/\" title=\"ReadInvest in Szczecin Open 2026. Sport, emocje i rozmowy o biznesie\">&#8230; Read more &raquo;<\/a><\/p>\n","protected":false},"author":7,"featured_media":2052,"comment_status":"closed","ping_status":"open","sticky":false,"template":"","format":"standard","meta":{"pgc_sgb_lightbox_settings":"","footnotes":""},"categories":[1],"tags":[],"class_list":["post-2051","post","type-post","status-publish","format-standard","has-post-thumbnail","hentry","category-bez-kategorii"],"_links":{"self":[{"href":"https:\/\/invest.szczecin.eu\/en\/wp-json\/wp\/v2\/posts\/2051","targetHints":{"allow":["GET"]}}],"collection":[{"href":"https:\/\/invest.szczecin.eu\/en\/wp-json\/wp\/v2\/posts"}],"about":[{"href":"https:\/\/invest.szczecin.eu\/en\/wp-json\/wp\/v2\/types\/post"}],"author":[{"embeddable":true,"href":"https:\/\/invest.szczecin.eu\/en\/wp-json\/wp\/v2\/users\/7"}],"replies":[{"embeddable":true,"href":"https:\/\/invest.szczecin.eu\/en\/wp-json\/wp\/v2\/comments?post=2051"}],"version-history":[{"count":1,"href":"https:\/\/invest.szczecin.eu\/en\/wp-json\/wp\/v2\/posts\/2051\/revisions"}],"predecessor-version":[{"id":2064,"href":"https:\/\/invest.szczecin.eu\/en\/wp-json\/wp\/v2\/posts\/2051\/revisions\/2064"}],"wp:featuredmedia":[{"embeddable":true,"href":"https:\/\/invest.szczecin.eu\/en\/wp-json\/wp\/v2\/media\/2052"}],"wp:attachment":[{"href":"https:\/\/invest.szczecin.eu\/en\/wp-json\/wp\/v2\/media?parent=2051"}],"wp:term":[{"taxonomy":"category","embeddable":true,"href":"https:\/\/invest.szczecin.eu\/en\/wp-json\/wp\/v2\/categories?post=2051"},{"taxonomy":"post_tag","embeddable":true,"href":"https:\/\/invest.szczecin.eu\/en\/wp-json\/wp\/v2\/tags?post=2051"}],"curies":[{"name":"wp","href":"https:\/\/api.w.org\/{rel}","templated":true}]}}